{"id":15113,"date":"2025-04-22T11:22:34","date_gmt":"2025-04-22T08:22:34","guid":{"rendered":"http:\/\/localhost\/verneri\/selko-dev\/ajankohtaista\/jutellaan-palkkatyosta-instalivessa\/"},"modified":"2025-10-30T10:05:29","modified_gmt":"2025-10-30T08:05:29","slug":"jutellaan-palkkatyosta-instalivessa","status":"publish","type":"post","link":"https:\/\/verneri.net\/selko\/ajankohtaiset\/jutellaan-palkkatyosta-instalivessa\/","title":{"rendered":"Jutellaan palkkaty\u00f6st\u00e4 InstaLivess\u00e4"},"content":{"rendered":"<p>Tule kysym\u00e4\u00e4n ja juttelemaan ty\u00f6st\u00e4 ja ty\u00f6llistymisest\u00e4 Vernerin InstaLiveen keskiviikkona 23. huhtikuuta kello 17.<\/p>\n<p>Voit l\u00e4hett\u00e4\u00e4 kysymyksi\u00e4 ty\u00f6st\u00e4 ja ty\u00f6llistymisest\u00e4 etuk\u00e4teen Verkko-Kertulle.<\/p>\n<p>Kysymyksiin vastaavat livess\u00e4 kokemusasiantuntija Karoliina Olkkonen ja Kehitysvammaliiton ty\u00f6llisyysasiantuntija Simo Klem.<\/p>\n<p><a href=\"https:\/\/verneri.net\/selko\/verkko-kerttu\/kysy-kertulta\/\">Kysy Kertulta<\/a><\/p>\n<p><strong>N\u00e4in osallistut liveen:<\/strong><\/p>\n<ul>\n<li>Seuraa Verneri\u00e4 Instagramissa. L\u00f6yd\u00e4t Vernerin Instasta nimell\u00e4 Verneri_net.<\/li>\n<li>Kun live alkaa, avaa Instagramin kotisivu.<\/li>\n<li>Vernerin profiilikuva hehkuu punaisena kotisivusi yl\u00e4reunassa. Klikkaa profiilikuvaa.<\/li>\n<\/ul>\n<p>N\u00e4hd\u00e4\u00e4n livess\u00e4!<\/p>\n","protected":false},"excerpt":{"rendered":"<p>Tule kysym\u00e4\u00e4n ja juttelemaan ty\u00f6st\u00e4 ja ty\u00f6llistymisest\u00e4 Vernerin InstaLiveen keskiviikkona 23. huhtikuuta kello 17. Voit l\u00e4hett\u00e4\u00e4 kysymyksi\u00e4 ty\u00f6st\u00e4 ja ty\u00f6llistymisest\u00e4 [&hellip;]<\/p>\n","protected":false},"author":1,"featured_media":15095,"comment_status":"closed","ping_status":"closed","sticky":false,"template":"","format":"standard","meta":{"_acf_changed":false,"footnotes":""},"categories":[6],"class_list":["post-15113","post","type-post","status-publish","format-standard","has-post-thumbnail","hentry","category-ajankohtaiset"],"acf":[],"_links":{"self":[{"href":"https:\/\/verneri.net\/selko\/wp-json\/wp\/v2\/posts\/15113","targetHints":{"allow":["GET"]}}],"collection":[{"href":"https:\/\/verneri.net\/selko\/wp-json\/wp\/v2\/posts"}],"about":[{"href":"https:\/\/verneri.net\/selko\/wp-json\/wp\/v2\/types\/post"}],"author":[{"embeddable":true,"href":"https:\/\/verneri.net\/selko\/wp-json\/wp\/v2\/users\/1"}],"replies":[{"embeddable":true,"href":"https:\/\/verneri.net\/selko\/wp-json\/wp\/v2\/comments?post=15113"}],"version-history":[{"count":0,"href":"https:\/\/verneri.net\/selko\/wp-json\/wp\/v2\/posts\/15113\/revisions"}],"wp:featuredmedia":[{"embeddable":true,"href":"https:\/\/verneri.net\/selko\/wp-json\/wp\/v2\/media\/15095"}],"wp:attachment":[{"href":"https:\/\/verneri.net\/selko\/wp-json\/wp\/v2\/media?parent=15113"}],"wp:term":[{"taxonomy":"category","embeddable":true,"href":"https:\/\/verneri.net\/selko\/wp-json\/wp\/v2\/categories?post=15113"}],"curies":[{"name":"wp","href":"https:\/\/api.w.org\/{rel}","templated":true}]}}