{"id":15118,"date":"2025-02-26T19:00:52","date_gmt":"2025-02-26T17:00:52","guid":{"rendered":"http:\/\/localhost\/verneri\/selko-dev\/ajankohtaista\/aanesta-alue-ja-kuntavaaleissa\/"},"modified":"2025-10-27T15:23:55","modified_gmt":"2025-10-27T13:23:55","slug":"aanesta-alue-ja-kuntavaaleissa","status":"publish","type":"post","link":"https:\/\/verneri.net\/selko\/ajankohtaiset\/aanesta-alue-ja-kuntavaaleissa\/","title":{"rendered":"\u00c4\u00e4nest\u00e4 alue- ja kuntavaaleissa"},"content":{"rendered":"<p>Aluevaalit ja kuntavaalit j\u00e4rjestet\u00e4\u00e4n sunnuntaina 13.4.2025.<\/p>\n<p>Kun \u00e4\u00e4nest\u00e4t vaaleissa, vaikutat siihen, ketk\u00e4 p\u00e4\u00e4tt\u00e4v\u00e4t t\u00e4rkeist\u00e4 asioista seuraavat nelj\u00e4 vuotta.<\/p>\n<p>Aluevaaleissa valitaan edustajat aluevaltuustoihin. Aluevaltuustot p\u00e4\u00e4tt\u00e4v\u00e4t hyvinvointialueiden sosiaali- ja terveyspalveluiden sek\u00e4 pelastustoimen j\u00e4rjest\u00e4misest\u00e4.<\/p>\n<p>Kuntavaaleissa valitaan j\u00e4senet kuntien valtuustoihin. Valtuustot p\u00e4\u00e4tt\u00e4v\u00e4t kunnan toiminnasta ja taloudesta.<\/p>\n<p>Aluevaaleja ei pidet\u00e4 Helsingin kaupungissa. Helsingin kaupungissa ei ole aluevaltuustoa vaan Helsingin kaupunki vastaa sosiaali- ja terveyspalveluista sek\u00e4 pelastustoimesta itse.<\/p>\n<p>Voit \u00e4\u00e4nest\u00e4\u00e4 vaaleissa joko ennakkoon tai vaalip\u00e4iv\u00e4n\u00e4:<\/p>\n<ul>\n<li>Varsinainen vaalip\u00e4iv\u00e4 on sunnuntai 13.4.2025.<\/li>\n<li>Ennakko\u00e4\u00e4nestys on Suomessa 2.\u20138.4.2025.<\/li>\n<li>Ennakko\u00e4\u00e4nestys on ulkomailla 2.\u20135.4.2025.<\/li>\n<\/ul>\n<p><a href=\"https:\/\/verneri.net\/selko\/hyvinvointi\/vaikuttaminen\/vaalit-ja-aanestaminen\/\">Lue lis\u00e4\u00e4 vaaleista ja \u00e4\u00e4nest\u00e4misest\u00e4<\/a><\/p>\n","protected":false},"excerpt":{"rendered":"<p>Aluevaalit ja kuntavaalit j\u00e4rjestet\u00e4\u00e4n sunnuntaina 13.4.2025. Kun \u00e4\u00e4nest\u00e4t vaaleissa, vaikutat siihen, ketk\u00e4 p\u00e4\u00e4tt\u00e4v\u00e4t t\u00e4rkeist\u00e4 asioista seuraavat nelj\u00e4 vuotta. Aluevaaleissa valitaan [&hellip;]<\/p>\n","protected":false},"author":1,"featured_media":15045,"comment_status":"open","ping_status":"closed","sticky":false,"template":"","format":"standard","meta":{"_acf_changed":false,"footnotes":""},"categories":[6],"class_list":["post-15118","post","type-post","status-publish","format-standard","has-post-thumbnail","hentry","category-ajankohtaiset"],"acf":[],"_links":{"self":[{"href":"https:\/\/verneri.net\/selko\/wp-json\/wp\/v2\/posts\/15118","targetHints":{"allow":["GET"]}}],"collection":[{"href":"https:\/\/verneri.net\/selko\/wp-json\/wp\/v2\/posts"}],"about":[{"href":"https:\/\/verneri.net\/selko\/wp-json\/wp\/v2\/types\/post"}],"author":[{"embeddable":true,"href":"https:\/\/verneri.net\/selko\/wp-json\/wp\/v2\/users\/1"}],"replies":[{"embeddable":true,"href":"https:\/\/verneri.net\/selko\/wp-json\/wp\/v2\/comments?post=15118"}],"version-history":[{"count":0,"href":"https:\/\/verneri.net\/selko\/wp-json\/wp\/v2\/posts\/15118\/revisions"}],"wp:featuredmedia":[{"embeddable":true,"href":"https:\/\/verneri.net\/selko\/wp-json\/wp\/v2\/media\/15045"}],"wp:attachment":[{"href":"https:\/\/verneri.net\/selko\/wp-json\/wp\/v2\/media?parent=15118"}],"wp:term":[{"taxonomy":"category","embeddable":true,"href":"https:\/\/verneri.net\/selko\/wp-json\/wp\/v2\/categories?post=15118"}],"curies":[{"name":"wp","href":"https:\/\/api.w.org\/{rel}","templated":true}]}}