{"id":15123,"date":"2025-01-30T10:04:38","date_gmt":"2025-01-30T08:04:38","guid":{"rendered":"http:\/\/localhost\/verneri\/selko-dev\/ajankohtaista\/tule-juttelemaan-musiikista-instaliveen\/"},"modified":"2025-10-06T20:06:36","modified_gmt":"2025-10-06T17:06:36","slug":"tule-juttelemaan-musiikista-instaliveen","status":"publish","type":"post","link":"https:\/\/verneri.net\/selko\/ajankohtaiset\/tule-juttelemaan-musiikista-instaliveen\/","title":{"rendered":"Tule juttelemaan musiikista InstaLiveen"},"content":{"rendered":"<p>Millaisesta musiikista tykk\u00e4\u00e4t? Soitatko jotain soitinta?<\/p>\n<p>Tule juttelemaan musiikista InstaLiveen keskiviikkona 26. helmikuuta kello 17.<\/p>\n<p>N\u00e4in osallistut liveen:<\/p>\n<ul>\n<li>Seuraa Verneri\u00e4 Instagramissa. L\u00f6yd\u00e4t Vernerin Instasta nimell\u00e4 Verneri_net.<\/li>\n<li>Kun live alkaa, avaa Instagramin kotisivu.<\/li>\n<li>Vernerin profiilikuva hehkuu punaisena kotisivusi yl\u00e4reunassa. Klikkaa profiilikuvaa.<\/li>\n<\/ul>\n<p>N\u00e4hd\u00e4\u00e4n livess\u00e4!<\/p>\n","protected":false},"excerpt":{"rendered":"<p>Millaisesta musiikista tykk\u00e4\u00e4t? Soitatko jotain soitinta? Tule juttelemaan musiikista InstaLiveen keskiviikkona 26. helmikuuta kello 17. N\u00e4in osallistut liveen: Seuraa Verneri\u00e4 [&hellip;]<\/p>\n","protected":false},"author":1,"featured_media":0,"comment_status":"open","ping_status":"closed","sticky":false,"template":"","format":"standard","meta":{"_acf_changed":false,"footnotes":""},"categories":[6],"class_list":["post-15123","post","type-post","status-publish","format-standard","hentry","category-ajankohtaiset"],"acf":[],"_links":{"self":[{"href":"https:\/\/verneri.net\/selko\/wp-json\/wp\/v2\/posts\/15123","targetHints":{"allow":["GET"]}}],"collection":[{"href":"https:\/\/verneri.net\/selko\/wp-json\/wp\/v2\/posts"}],"about":[{"href":"https:\/\/verneri.net\/selko\/wp-json\/wp\/v2\/types\/post"}],"author":[{"embeddable":true,"href":"https:\/\/verneri.net\/selko\/wp-json\/wp\/v2\/users\/1"}],"replies":[{"embeddable":true,"href":"https:\/\/verneri.net\/selko\/wp-json\/wp\/v2\/comments?post=15123"}],"version-history":[{"count":0,"href":"https:\/\/verneri.net\/selko\/wp-json\/wp\/v2\/posts\/15123\/revisions"}],"wp:attachment":[{"href":"https:\/\/verneri.net\/selko\/wp-json\/wp\/v2\/media?parent=15123"}],"wp:term":[{"taxonomy":"category","embeddable":true,"href":"https:\/\/verneri.net\/selko\/wp-json\/wp\/v2\/categories?post=15123"}],"curies":[{"name":"wp","href":"https:\/\/api.w.org\/{rel}","templated":true}]}}