{"id":15128,"date":"2025-01-16T17:00:01","date_gmt":"2025-01-16T15:00:01","guid":{"rendered":"http:\/\/localhost\/verneri\/selko-dev\/ajankohtaista\/jutellaan-vapaa-ajasta-instalivessa\/"},"modified":"2025-10-27T15:26:06","modified_gmt":"2025-10-27T13:26:06","slug":"jutellaan-vapaa-ajasta-instalivessa","status":"publish","type":"post","link":"https:\/\/verneri.net\/selko\/ajankohtaiset\/jutellaan-vapaa-ajasta-instalivessa\/","title":{"rendered":"Jutellaan vapaa-ajasta Instalivess\u00e4"},"content":{"rendered":"<p>Tule kysym\u00e4\u00e4n ja juttelemaan vapaa-ajasta Vernerin Instagramiin tiistaina 21.1. kello 17.<\/p>\n<p>N\u00e4in osallistut liveen:<\/p>\n<ul>\n<li>Seuraa Verneri\u00e4 Instagramissa. L\u00f6yd\u00e4t Vernerin Instasta nimell\u00e4 Verneri_net.<\/li>\n<li>Kun live alkaa, avaa Instagramin kotisivu.<\/li>\n<li>Vernerin profiilikuva hehkuu punaisena kotisivusi yl\u00e4reunassa. Klikkaa profiilikuvaa.<\/li>\n<\/ul>\n<p><a href=\"https:\/\/verneri.net\/selko\/hyvinvointi\/vapaa-aika\/\">Lue vinkkej\u00e4 vapaa-aikaan<\/a><\/p>\n<p>N\u00e4hd\u00e4\u00e4n livess\u00e4!<\/p>\n","protected":false},"excerpt":{"rendered":"<p>Tule kysym\u00e4\u00e4n ja juttelemaan vapaa-ajasta Vernerin Instagramiin tiistaina 21.1. kello 17. N\u00e4in osallistut liveen: Seuraa Verneri\u00e4 Instagramissa. L\u00f6yd\u00e4t Vernerin Instasta [&hellip;]<\/p>\n","protected":false},"author":1,"featured_media":14699,"comment_status":"closed","ping_status":"closed","sticky":false,"template":"","format":"standard","meta":{"_acf_changed":false,"footnotes":""},"categories":[6],"class_list":["post-15128","post","type-post","status-publish","format-standard","has-post-thumbnail","hentry","category-ajankohtaiset"],"acf":[],"_links":{"self":[{"href":"https:\/\/verneri.net\/selko\/wp-json\/wp\/v2\/posts\/15128","targetHints":{"allow":["GET"]}}],"collection":[{"href":"https:\/\/verneri.net\/selko\/wp-json\/wp\/v2\/posts"}],"about":[{"href":"https:\/\/verneri.net\/selko\/wp-json\/wp\/v2\/types\/post"}],"author":[{"embeddable":true,"href":"https:\/\/verneri.net\/selko\/wp-json\/wp\/v2\/users\/1"}],"replies":[{"embeddable":true,"href":"https:\/\/verneri.net\/selko\/wp-json\/wp\/v2\/comments?post=15128"}],"version-history":[{"count":0,"href":"https:\/\/verneri.net\/selko\/wp-json\/wp\/v2\/posts\/15128\/revisions"}],"wp:featuredmedia":[{"embeddable":true,"href":"https:\/\/verneri.net\/selko\/wp-json\/wp\/v2\/media\/14699"}],"wp:attachment":[{"href":"https:\/\/verneri.net\/selko\/wp-json\/wp\/v2\/media?parent=15128"}],"wp:term":[{"taxonomy":"category","embeddable":true,"href":"https:\/\/verneri.net\/selko\/wp-json\/wp\/v2\/categories?post=15128"}],"curies":[{"name":"wp","href":"https:\/\/api.w.org\/{rel}","templated":true}]}}