{"id":16261,"date":"2025-05-27T17:11:43","date_gmt":"2025-05-27T14:11:43","guid":{"rendered":"http:\/\/localhost\/verneri\/selko-dev\/verkko-kerttu\/vain-elamaa-ja-miesosallistujat\/"},"modified":"2025-05-27T17:11:44","modified_gmt":"2025-05-27T14:11:44","slug":"vain-elamaa-ja-miesosallistujat","status":"publish","type":"post","link":"https:\/\/verneri.net\/selko\/verkko-kerttu\/vain-elamaa-ja-miesosallistujat\/","title":{"rendered":"Vain el\u00e4m\u00e4\u00e4 ja miesosallistujat"},"content":{"rendered":"<p>Miksi Vain el\u00e4m\u00e4\u00e4 -ohjelmassa on miehi\u00e4 aina enemm\u00e4n kuin naisia?<\/p>\n<p><strong>Vastaus<\/strong><\/p>\n<p>Hei<\/p>\n<p>Hyv\u00e4 kysymys!<\/p>\n<p>En valitettavasti osaa vastata.<\/p>\n<p>Voiko olla, ett\u00e4 Suomessa on enemm\u00e4n tunnettuja mieslaulajia?<\/p>\n<p>Tai haluavatko miehet naisia enemm\u00e4n osallistua Vain el\u00e4m\u00e4\u00e4 -ohjelmaan?<\/p>\n","protected":false},"excerpt":{"rendered":"<p>Miksi Vain el\u00e4m\u00e4\u00e4 -ohjelmassa on miehi\u00e4 aina enemm\u00e4n kuin naisia? Vastaus Hei Hyv\u00e4 kysymys! En valitettavasti osaa vastata. Voiko olla, [&hellip;]<\/p>\n","protected":false},"author":1,"featured_media":0,"comment_status":"closed","ping_status":"closed","sticky":false,"template":"","format":"standard","meta":{"_acf_changed":false,"footnotes":""},"categories":[2,35,40],"class_list":["post-16261","post","type-post","status-publish","format-standard","hentry","category-verkko-kerttu","category-kerttu-tv-ja-elokuvat","category-kerttu-vapaa-aika"],"acf":[],"_links":{"self":[{"href":"https:\/\/verneri.net\/selko\/wp-json\/wp\/v2\/posts\/16261","targetHints":{"allow":["GET"]}}],"collection":[{"href":"https:\/\/verneri.net\/selko\/wp-json\/wp\/v2\/posts"}],"about":[{"href":"https:\/\/verneri.net\/selko\/wp-json\/wp\/v2\/types\/post"}],"author":[{"embeddable":true,"href":"https:\/\/verneri.net\/selko\/wp-json\/wp\/v2\/users\/1"}],"replies":[{"embeddable":true,"href":"https:\/\/verneri.net\/selko\/wp-json\/wp\/v2\/comments?post=16261"}],"version-history":[{"count":0,"href":"https:\/\/verneri.net\/selko\/wp-json\/wp\/v2\/posts\/16261\/revisions"}],"wp:attachment":[{"href":"https:\/\/verneri.net\/selko\/wp-json\/wp\/v2\/media?parent=16261"}],"wp:term":[{"taxonomy":"category","embeddable":true,"href":"https:\/\/verneri.net\/selko\/wp-json\/wp\/v2\/categories?post=16261"}],"curies":[{"name":"wp","href":"https:\/\/api.w.org\/{rel}","templated":true}]}}