{"id":17240,"date":"2025-02-01T16:33:19","date_gmt":"2025-02-01T14:33:19","guid":{"rendered":"http:\/\/localhost\/verneri\/selko-dev\/?p=17240"},"modified":"2025-10-27T15:24:58","modified_gmt":"2025-10-27T13:24:58","slug":"vammaispalvelulaki-uudistui","status":"publish","type":"post","link":"https:\/\/verneri.net\/selko\/ajankohtaiset\/vammaispalvelulaki-uudistui\/","title":{"rendered":"Vammaispalvelulaki uudistui"},"content":{"rendered":"<div>\n<p>Uusi vammaispalvelulaki tuli voimaan t\u00e4m\u00e4n vuoden alussa.<\/p>\n<p>Vammaispalvelulaki on laki palveluista, joita hyvinvointialue voi j\u00e4rjest\u00e4\u00e4 vammaiselle ihmiselle.<\/p>\n<p>Vammaispalvelulain tarkoitus on turvata vammaiselle ihmiselle palvelut, joiden avulla h\u00e4n voi\u00a0el\u00e4\u00e4 itsen\u00e4ist\u00e4 el\u00e4m\u00e4\u00e4, p\u00e4\u00e4tt\u00e4\u00e4 omista asioistaan ja osallistua yhteiskuntaan yhdenvertaisesti muiden kanssa.<\/p>\n<p>Vammaispalvelulain perusteella hyvinvointialue voi j\u00e4rjest\u00e4\u00e4 vammaiselle ihmiselle monenlaisia palveluita.<\/p>\n<p>N\u00e4it\u00e4 ovat esimerkiksi<\/p>\n<ul>\n<li>tuettu p\u00e4\u00e4t\u00f6ksenteko<\/li>\n<li>asumisen tuki<\/li>\n<li>valmennus<\/li>\n<li>erityinen osallisuuden tuki<\/li>\n<li>ty\u00f6toiminta.<\/li>\n<\/ul>\n<p><a href=\"https:\/\/verneri.net\/selko\/hyvinvointi\/apua-ja-tukea-arkeen\/\">Lue lis\u00e4\u00e4 vammaispalveluista<\/a><\/p>\n<\/div>\n","protected":false},"excerpt":{"rendered":"<p>Uusi vammaispalvelulaki tuli voimaan t\u00e4m\u00e4n vuoden alussa. Vammaispalvelulaki on laki palveluista, joita hyvinvointialue voi j\u00e4rjest\u00e4\u00e4 vammaiselle ihmiselle. Vammaispalvelulain tarkoitus on [&hellip;]<\/p>\n","protected":false},"author":2,"featured_media":16949,"comment_status":"closed","ping_status":"closed","sticky":false,"template":"","format":"standard","meta":{"_acf_changed":false,"footnotes":""},"categories":[6],"class_list":["post-17240","post","type-post","status-publish","format-standard","has-post-thumbnail","hentry","category-ajankohtaiset"],"acf":[],"_links":{"self":[{"href":"https:\/\/verneri.net\/selko\/wp-json\/wp\/v2\/posts\/17240","targetHints":{"allow":["GET"]}}],"collection":[{"href":"https:\/\/verneri.net\/selko\/wp-json\/wp\/v2\/posts"}],"about":[{"href":"https:\/\/verneri.net\/selko\/wp-json\/wp\/v2\/types\/post"}],"author":[{"embeddable":true,"href":"https:\/\/verneri.net\/selko\/wp-json\/wp\/v2\/users\/2"}],"replies":[{"embeddable":true,"href":"https:\/\/verneri.net\/selko\/wp-json\/wp\/v2\/comments?post=17240"}],"version-history":[{"count":0,"href":"https:\/\/verneri.net\/selko\/wp-json\/wp\/v2\/posts\/17240\/revisions"}],"wp:featuredmedia":[{"embeddable":true,"href":"https:\/\/verneri.net\/selko\/wp-json\/wp\/v2\/media\/16949"}],"wp:attachment":[{"href":"https:\/\/verneri.net\/selko\/wp-json\/wp\/v2\/media?parent=17240"}],"wp:term":[{"taxonomy":"category","embeddable":true,"href":"https:\/\/verneri.net\/selko\/wp-json\/wp\/v2\/categories?post=17240"}],"curies":[{"name":"wp","href":"https:\/\/api.w.org\/{rel}","templated":true}]}}