{"id":18082,"date":"2025-12-01T16:48:54","date_gmt":"2025-12-01T14:48:54","guid":{"rendered":"https:\/\/verneri.net\/selko\/?p=18082"},"modified":"2025-12-01T16:48:54","modified_gmt":"2025-12-01T14:48:54","slug":"eetu-etsii-28-30-vuotiasta-naista","status":"publish","type":"post","link":"https:\/\/verneri.net\/selko\/kirjeenvaihto\/eetu-etsii-28-30-vuotiasta-naista\/","title":{"rendered":"Eetu etsii 28-30-vuotiasta naista"},"content":{"rendered":"<p>Hei<\/p>\n<p>Olen Eetu 32 vuotta.<\/p>\n<p>Olen kova py\u00f6r\u00e4ilem\u00e4\u00e4n ja juomaan kahvia. Harrastan valokuvausta.<\/p>\n<p>Etsin 28-30-vuotiasta naista.<\/p>\n<p><strong>Vastaa s\u00e4hk\u00f6postilla Eetulle:<\/strong> verneri(at)kvl.fi<\/p>\n","protected":false},"excerpt":{"rendered":"<p>Hei Olen Eetu 32 vuotta. Olen kova py\u00f6r\u00e4ilem\u00e4\u00e4n ja juomaan kahvia. Harrastan valokuvausta. Etsin 28-30-vuotiasta naista. Vastaa s\u00e4hk\u00f6postilla Eetulle: verneri(at)kvl.fi<\/p>\n","protected":false},"author":2,"featured_media":0,"comment_status":"closed","ping_status":"closed","sticky":false,"template":"","format":"standard","meta":{"_acf_changed":false,"footnotes":""},"categories":[4,10],"class_list":["post-18082","post","type-post","status-publish","format-standard","hentry","category-kirjeenvaihto","category-kumppani"],"acf":[],"_links":{"self":[{"href":"https:\/\/verneri.net\/selko\/wp-json\/wp\/v2\/posts\/18082","targetHints":{"allow":["GET"]}}],"collection":[{"href":"https:\/\/verneri.net\/selko\/wp-json\/wp\/v2\/posts"}],"about":[{"href":"https:\/\/verneri.net\/selko\/wp-json\/wp\/v2\/types\/post"}],"author":[{"embeddable":true,"href":"https:\/\/verneri.net\/selko\/wp-json\/wp\/v2\/users\/2"}],"replies":[{"embeddable":true,"href":"https:\/\/verneri.net\/selko\/wp-json\/wp\/v2\/comments?post=18082"}],"version-history":[{"count":0,"href":"https:\/\/verneri.net\/selko\/wp-json\/wp\/v2\/posts\/18082\/revisions"}],"wp:attachment":[{"href":"https:\/\/verneri.net\/selko\/wp-json\/wp\/v2\/media?parent=18082"}],"wp:term":[{"taxonomy":"category","embeddable":true,"href":"https:\/\/verneri.net\/selko\/wp-json\/wp\/v2\/categories?post=18082"}],"curies":[{"name":"wp","href":"https:\/\/api.w.org\/{rel}","templated":true}]}}