{"id":19779,"date":"2026-04-06T13:29:30","date_gmt":"2026-04-06T10:29:30","guid":{"rendered":"https:\/\/verneri.net\/selko\/?p=19779"},"modified":"2026-04-06T13:30:56","modified_gmt":"2026-04-06T10:30:56","slug":"paasiaisen-hommaa","status":"publish","type":"post","link":"https:\/\/verneri.net\/selko\/blogit\/paasiaisen-hommaa\/","title":{"rendered":"P\u00e4\u00e4si\u00e4isen hommaa"},"content":{"rendered":"<p>Ompelin laukun.<\/p>\n<p><img loading=\"lazy\" decoding=\"async\" class=\"alignnone wp-image-19780\" src=\"https:\/\/verneri.net\/selko\/wp-content\/uploads\/sites\/2\/2026\/04\/paasiainen3.jpg\" alt=\"\" width=\"500\" height=\"375\" srcset=\"https:\/\/verneri.net\/selko\/wp-content\/uploads\/sites\/2\/2026\/04\/paasiainen3.jpg 800w, https:\/\/verneri.net\/selko\/wp-content\/uploads\/sites\/2\/2026\/04\/paasiainen3-300x225.jpg 300w, https:\/\/verneri.net\/selko\/wp-content\/uploads\/sites\/2\/2026\/04\/paasiainen3-768x576.jpg 768w\" sizes=\"(max-width: 500px) 100vw, 500px\" \/><\/p>\n<p>P\u00e4\u00e4si\u00e4ismunia ja kukkia hankittu.<\/p>\n<p><img loading=\"lazy\" decoding=\"async\" class=\"alignnone wp-image-19781\" src=\"https:\/\/verneri.net\/selko\/wp-content\/uploads\/sites\/2\/2026\/04\/paasiainen1.jpg\" alt=\"\" width=\"500\" height=\"621\" srcset=\"https:\/\/verneri.net\/selko\/wp-content\/uploads\/sites\/2\/2026\/04\/paasiainen1.jpg 800w, https:\/\/verneri.net\/selko\/wp-content\/uploads\/sites\/2\/2026\/04\/paasiainen1-242x300.jpg 242w, https:\/\/verneri.net\/selko\/wp-content\/uploads\/sites\/2\/2026\/04\/paasiainen1-768x953.jpg 768w\" sizes=\"(max-width: 500px) 100vw, 500px\" \/><\/p>\n<p>Olin Fazerilla Mignon-munien koristelupajassa lapsen kanssa.<\/p>\n<p><img loading=\"lazy\" decoding=\"async\" class=\"alignnone wp-image-19783\" src=\"https:\/\/verneri.net\/selko\/wp-content\/uploads\/sites\/2\/2026\/04\/paasiainen2.jpg\" alt=\"\" width=\"500\" height=\"375\" srcset=\"https:\/\/verneri.net\/selko\/wp-content\/uploads\/sites\/2\/2026\/04\/paasiainen2.jpg 800w, https:\/\/verneri.net\/selko\/wp-content\/uploads\/sites\/2\/2026\/04\/paasiainen2-300x225.jpg 300w, https:\/\/verneri.net\/selko\/wp-content\/uploads\/sites\/2\/2026\/04\/paasiainen2-768x576.jpg 768w\" sizes=\"(max-width: 500px) 100vw, 500px\" \/><\/p>\n","protected":false},"excerpt":{"rendered":"<p>Ompelin laukun. P\u00e4\u00e4si\u00e4ismunia ja kukkia hankittu. Olin Fazerilla Mignon-munien koristelupajassa lapsen kanssa.<\/p>\n","protected":false},"author":2,"featured_media":0,"comment_status":"open","ping_status":"closed","sticky":false,"template":"","format":"standard","meta":{"_acf_changed":false,"footnotes":""},"categories":[3,64],"class_list":["post-19779","post","type-post","status-publish","format-standard","hentry","category-blogit","category-ninnu-bloggaa"],"acf":[],"_links":{"self":[{"href":"https:\/\/verneri.net\/selko\/wp-json\/wp\/v2\/posts\/19779","targetHints":{"allow":["GET"]}}],"collection":[{"href":"https:\/\/verneri.net\/selko\/wp-json\/wp\/v2\/posts"}],"about":[{"href":"https:\/\/verneri.net\/selko\/wp-json\/wp\/v2\/types\/post"}],"author":[{"embeddable":true,"href":"https:\/\/verneri.net\/selko\/wp-json\/wp\/v2\/users\/2"}],"replies":[{"embeddable":true,"href":"https:\/\/verneri.net\/selko\/wp-json\/wp\/v2\/comments?post=19779"}],"version-history":[{"count":0,"href":"https:\/\/verneri.net\/selko\/wp-json\/wp\/v2\/posts\/19779\/revisions"}],"wp:attachment":[{"href":"https:\/\/verneri.net\/selko\/wp-json\/wp\/v2\/media?parent=19779"}],"wp:term":[{"taxonomy":"category","embeddable":true,"href":"https:\/\/verneri.net\/selko\/wp-json\/wp\/v2\/categories?post=19779"}],"curies":[{"name":"wp","href":"https:\/\/api.w.org\/{rel}","templated":true}]}}