{"id":19799,"date":"2026-04-08T10:38:42","date_gmt":"2026-04-08T07:38:42","guid":{"rendered":"https:\/\/verneri.net\/selko\/?p=19799"},"modified":"2026-04-08T10:41:49","modified_gmt":"2026-04-08T07:41:49","slug":"satuliinia-mukaan-ystavatoimintaan","status":"publish","type":"post","link":"https:\/\/verneri.net\/selko\/blogit\/satuliinia-mukaan-ystavatoimintaan\/","title":{"rendered":"Satuliinia: Mukaan yst\u00e4v\u00e4toimintaan"},"content":{"rendered":"<p>Yksin\u00e4isyys koskettaa useimpia meist\u00e4 jossain el\u00e4m\u00e4nvaiheessa. Meist\u00e4 jokainen tarvitsee toisen ihmisen seuraa. Yksikin my\u00f6nteinen ihmissuhde voi katkaista yksin\u00e4isyyden kierteen.<\/p>\n<p>Suomen Punainen Risti eli SPR v\u00e4litt\u00e4\u00e4 yst\u00e4vi\u00e4 sinne, miss\u00e4 yst\u00e4vi\u00e4 tarvitaan. Yst\u00e4v\u00e4toiminnan yst\u00e4v\u00e4t tuovat iloa yksin\u00e4iseen arkeen. Ennen kaikkea yst\u00e4v\u00e4 on kuuntelija ja juttukaveri.<\/p>\n<h2>Osallistuin yst\u00e4v\u00e4kurssille<\/h2>\n<p>Oli elokuun ensimm\u00e4inen p\u00e4iv\u00e4 vuonna 2024. SPR j\u00e4rjesti yst\u00e4v\u00e4kurssin ja p\u00e4\u00e4tin l\u00e4hte\u00e4 katsomaan, millaista siell\u00e4 olisi.<\/p>\n<p>En tiennyt viel\u00e4 silloin, ryhdynk\u00f6 mukaan toimintaan, mutta illan edetess\u00e4 vapaaehtoinen yst\u00e4vyys tuntui omalta jutulta.<\/p>\n<p>Koulutuksen lopussa tein pienen esittelyn itsest\u00e4ni SPR:n sivuille.<\/p>\n<p>SPR:n yst\u00e4v\u00e4tiimi etsi minulle sopivan yst\u00e4v\u00e4n. He soittivat ja kertoivat molemmille, millainen yst\u00e4v\u00e4 olisi tarjolla. T\u00e4m\u00e4n j\u00e4lkeen sovimme tapaamisen, jossa kirjoitimme sopimuksen yst\u00e4vyydest\u00e4.<\/p>\n<p>Olemme k\u00e4yneet yst\u00e4v\u00e4ni kanssa taiden\u00e4yttelyiss\u00e4, kirpputoreilla ja j\u00e4\u00e4tel\u00f6ll\u00e4. Nyt viimeisimp\u00e4n\u00e4 py\u00f6r\u00e4hdimme Joensuun Botaniassa, joka on kasvitieteellinen puutarha.<\/p>\n<p>Kirjoittelemme viestej\u00e4 my\u00f6s arjen keskell\u00e4 sek\u00e4 laittelemme kuvia esimerkiksi reissuilta toisillemme.<\/p>\n<h2>Vuosi yst\u00e4vyytt\u00e4<\/h2>\n<p><img loading=\"lazy\" decoding=\"async\" class=\"alignnone wp-image-19800\" src=\"https:\/\/verneri.net\/selko\/wp-content\/uploads\/sites\/2\/2026\/04\/ystavakortti.jpg\" alt=\"\" width=\"400\" height=\"534\" srcset=\"https:\/\/verneri.net\/selko\/wp-content\/uploads\/sites\/2\/2026\/04\/ystavakortti.jpg 800w, https:\/\/verneri.net\/selko\/wp-content\/uploads\/sites\/2\/2026\/04\/ystavakortti-225x300.jpg 225w, https:\/\/verneri.net\/selko\/wp-content\/uploads\/sites\/2\/2026\/04\/ystavakortti-768x1024.jpg 768w\" sizes=\"(max-width: 400px) 100vw, 400px\" \/><\/p>\n<p>Min\u00e4kin olen ollut koulukiusattu. Olen kokenut usein my\u00f6s yksin\u00e4isyytt\u00e4 sek\u00e4 tunnetta, ett\u00e4 en vain sovi joukkoon.<\/p>\n<p>On ollut p\u00e4ivi\u00e4, jolloin olisin tarvinnut toisen ihmisen edes kuuntelemaan ja pit\u00e4m\u00e4\u00e4n k\u00e4dest\u00e4.<\/p>\n<p>Kun meille tuli yst\u00e4v\u00e4n kanssa vuosi t\u00e4yteen yhteist\u00e4 matkaa, kirjoitin h\u00e4nelle korttiin seuraavan runon:<\/p>\n<p>Kun maailma tuntuu liian suurelta, min\u00e4 olen siin\u00e4, pienen\u00e4, mutta todellisena.<\/p>\n<p>Kuuntelen, kun sanat etsiv\u00e4t paikkaansa ja kuljen vierell\u00e4si, ettei yksin\u00e4isyys olisi ainoa seura.<\/p>\n<p>Yst\u00e4vyys on askel, joka ei kaihda hiljaisuutta.<\/p>\n<p>Toivon, ett\u00e4 tunnet edes pienen hetken sen, mit\u00e4 min\u00e4 n\u00e4en sinussa joka kerta: arvo ja l\u00e4mp\u00f6. Olet t\u00e4rke\u00e4 juuri sellaisena kuin olet.<\/p>\n<h2>Mukaan yst\u00e4v\u00e4toimintaan<\/h2>\n<p>Jos mietit, voisitko sin\u00e4 olla yst\u00e4v\u00e4 yksin\u00e4iselle, voin sanoa, ett\u00e4 kuka tahansa voi tulla mukaan yst\u00e4v\u00e4toimintaan ja olla yst\u00e4v\u00e4 yksin\u00e4iselle.<\/p>\n<p>Et tarvitse erityistaitoja. Riitt\u00e4\u00e4, ett\u00e4 osaat kuunnella ja olla l\u00e4sn\u00e4. Yksikin luotettava kaveri voi auttaa yksin\u00e4isyyteen.<\/p>\n<p>Jos kiinnostuit, voit lukea lis\u00e4\u00e4 SPR:n sivuilta: <a href=\"https:\/\/www.punainenristi.fi\/vapaaehtoiseksi\/ystavatoiminta\/\" target=\"_blank\" rel=\"noopener\">Vapaaehtoiseksi yst\u00e4v\u00e4toimintaan<\/a> (spr.fi)<\/p>\n<p>Jos olet yksin\u00e4inen ja tarvitset yst\u00e4v\u00e4\u00e4, hae yst\u00e4v\u00e4\u00e4 SPR:n sivuilta: <a href=\"https:\/\/oma.punainenristi.fi\/ystavatoiminta\" target=\"_blank\" rel=\"noopener\">Hae yst\u00e4v\u00e4\u00e4<\/a> (spr.fi)<\/p>\n<p>Jos et uskalla t\u00e4ytt\u00e4\u00e4 yst\u00e4v\u00e4hakemusta yksin, pyyd\u00e4 joku l\u00e4heinen avuksesi.<\/p>\n<p>Minun yst\u00e4v\u00e4ll\u00e4ni on liev\u00e4 kehitysvamma. H\u00e4n kertoi siskolleen pahasta olostaan sek\u00e4 siit\u00e4, kuinka yksin h\u00e4n oli. Sisko otti yhteytt\u00e4 yst\u00e4v\u00e4v\u00e4litykseen ja niin meid\u00e4n yst\u00e4vyys alkoi.<\/p>\n<p>Olen saanut kokea sen, kuinka olla ihminen ihmiselle ja tuoda valoa toisen el\u00e4m\u00e4\u00e4n.<\/p>\n<p><strong>Kirjoittaja:<\/strong> Satuliinia<\/p>\n","protected":false},"excerpt":{"rendered":"<p>Yksin\u00e4isyys koskettaa useimpia meist\u00e4 jossain el\u00e4m\u00e4nvaiheessa. Meist\u00e4 jokainen tarvitsee toisen ihmisen seuraa. Yksikin my\u00f6nteinen ihmissuhde voi katkaista yksin\u00e4isyyden kierteen. Suomen [&hellip;]<\/p>\n","protected":false},"author":2,"featured_media":0,"comment_status":"open","ping_status":"closed","sticky":false,"template":"","format":"standard","meta":{"_acf_changed":false,"footnotes":""},"categories":[61,3],"class_list":["post-19799","post","type-post","status-publish","format-standard","hentry","category-blogataan-yhdessa","category-blogit"],"acf":[],"_links":{"self":[{"href":"https:\/\/verneri.net\/selko\/wp-json\/wp\/v2\/posts\/19799","targetHints":{"allow":["GET"]}}],"collection":[{"href":"https:\/\/verneri.net\/selko\/wp-json\/wp\/v2\/posts"}],"about":[{"href":"https:\/\/verneri.net\/selko\/wp-json\/wp\/v2\/types\/post"}],"author":[{"embeddable":true,"href":"https:\/\/verneri.net\/selko\/wp-json\/wp\/v2\/users\/2"}],"replies":[{"embeddable":true,"href":"https:\/\/verneri.net\/selko\/wp-json\/wp\/v2\/comments?post=19799"}],"version-history":[{"count":0,"href":"https:\/\/verneri.net\/selko\/wp-json\/wp\/v2\/posts\/19799\/revisions"}],"wp:attachment":[{"href":"https:\/\/verneri.net\/selko\/wp-json\/wp\/v2\/media?parent=19799"}],"wp:term":[{"taxonomy":"category","embeddable":true,"href":"https:\/\/verneri.net\/selko\/wp-json\/wp\/v2\/categories?post=19799"}],"curies":[{"name":"wp","href":"https:\/\/api.w.org\/{rel}","templated":true}]}}