{"id":19880,"date":"2026-04-15T09:03:25","date_gmt":"2026-04-15T06:03:25","guid":{"rendered":"https:\/\/verneri.net\/selko\/?p=19880"},"modified":"2026-04-15T12:07:34","modified_gmt":"2026-04-15T09:07:34","slug":"minulle-tarkea-me-itse-ryhma","status":"publish","type":"post","link":"https:\/\/verneri.net\/selko\/blogit\/minulle-tarkea-me-itse-ryhma\/","title":{"rendered":"Minulle t\u00e4rke\u00e4 Me Itse -ryhm\u00e4"},"content":{"rendered":"<p>Olen mukana Me Itse -yhdistyksen Hyvink\u00e4\u00e4n Sankarit -ryhm\u00e4ss\u00e4.<\/p>\n<p>Ryhm\u00e4 kokoontuu Onnensillassa kerran kuukaudessa. Meid\u00e4n tapaamiset alkavat kahvilla ja pienell\u00e4 sy\u00f6t\u00e4v\u00e4ll\u00e4. Sen j\u00e4lkeen k\u00e4ymme l\u00e4pi edellisen kokouksen muistion. Sitten pid\u00e4mme kuulumiskierroksen ja keskustelemme asioista.<\/p>\n<p>Meill\u00e4 on ryhm\u00e4ss\u00e4 puheenjohtaja, sihteeri ja muut roolit. P\u00e4\u00e4t\u00f6kset teemme yhdess\u00e4.<\/p>\n<p>Olen ollut mukana ryhm\u00e4ss\u00e4 jo pitk\u00e4\u00e4n. L\u00e4hdin mukaan, kun yst\u00e4v\u00e4ni kutsui minut tutustumaan toimintaan. Innostuin heti ensimm\u00e4isest\u00e4 kerrasta.<\/p>\n<h2>Kavereita ja vertaistukea<\/h2>\n<p>Me Itse -ryhm\u00e4 on minulle todella t\u00e4rke\u00e4. Siell\u00e4 n\u00e4en kavereita, saan vertaistukea ja voin olla oma itseni ilman pelkoa tuomitsemisesta.<\/p>\n<p>Minulle on my\u00f6s t\u00e4rke\u00e4\u00e4, ett\u00e4 voin vied\u00e4 asioita eteenp\u00e4in niiden puolesta, jotka eiv\u00e4t pysty siihen itse.<\/p>\n<p>Parhaita muistoja ovat yhteiset retket, esimerkiksi makkaranpaisto Piilolammella.<\/p>\n<p>On my\u00f6s ihanaa n\u00e4hd\u00e4, miten iloisiksi muut ryhm\u00e4l\u00e4iset tulevat, kun he p\u00e4\u00e4sev\u00e4t irti arjesta ja tapaamaan muita ihmisi\u00e4.<\/p>\n<p>Ryhm\u00e4 on monelle t\u00e4rke\u00e4 paikka, jossa voi olla oma itsens\u00e4, tavata muita ja saada tietoa asioista, joista ei muualla v\u00e4ltt\u00e4m\u00e4tt\u00e4 kerrota.<\/p>\n<p>Minun arkeeni ryhm\u00e4 tuo my\u00f6s rytmi\u00e4 ja tekemist\u00e4. Ilman sit\u00e4 saattaisin j\u00e4\u00e4d\u00e4 enemm\u00e4n yksin kotiin.<\/p>\n<p>Haluan sanoa p\u00e4\u00e4tt\u00e4jille, ett\u00e4 Me Itse -ryhm\u00e4t ovat todella t\u00e4rkeit\u00e4. Ne v\u00e4hent\u00e4v\u00e4t yksin\u00e4isyytt\u00e4, tukevat mielenterveytt\u00e4 ja antavat meille mahdollisuuden saada tietoa ja vaikuttaa omaan el\u00e4m\u00e4\u00e4mme.<\/p>\n","protected":false},"excerpt":{"rendered":"<p>Olen mukana Me Itse -yhdistyksen Hyvink\u00e4\u00e4n Sankarit -ryhm\u00e4ss\u00e4. Ryhm\u00e4 kokoontuu Onnensillassa kerran kuukaudessa. Meid\u00e4n tapaamiset alkavat kahvilla ja pienell\u00e4 sy\u00f6t\u00e4v\u00e4ll\u00e4. [&hellip;]<\/p>\n","protected":false},"author":2,"featured_media":0,"comment_status":"open","ping_status":"closed","sticky":false,"template":"","format":"standard","meta":{"_acf_changed":false,"footnotes":""},"categories":[72,3],"class_list":["post-19880","post","type-post","status-publish","format-standard","hentry","category-elina-bloggaa","category-blogit"],"acf":[],"_links":{"self":[{"href":"https:\/\/verneri.net\/selko\/wp-json\/wp\/v2\/posts\/19880","targetHints":{"allow":["GET"]}}],"collection":[{"href":"https:\/\/verneri.net\/selko\/wp-json\/wp\/v2\/posts"}],"about":[{"href":"https:\/\/verneri.net\/selko\/wp-json\/wp\/v2\/types\/post"}],"author":[{"embeddable":true,"href":"https:\/\/verneri.net\/selko\/wp-json\/wp\/v2\/users\/2"}],"replies":[{"embeddable":true,"href":"https:\/\/verneri.net\/selko\/wp-json\/wp\/v2\/comments?post=19880"}],"version-history":[{"count":0,"href":"https:\/\/verneri.net\/selko\/wp-json\/wp\/v2\/posts\/19880\/revisions"}],"wp:attachment":[{"href":"https:\/\/verneri.net\/selko\/wp-json\/wp\/v2\/media?parent=19880"}],"wp:term":[{"taxonomy":"category","embeddable":true,"href":"https:\/\/verneri.net\/selko\/wp-json\/wp\/v2\/categories?post=19880"}],"curies":[{"name":"wp","href":"https:\/\/api.w.org\/{rel}","templated":true}]}}