{"id":19990,"date":"2026-04-23T17:18:03","date_gmt":"2026-04-23T14:18:03","guid":{"rendered":"https:\/\/verneri.net\/selko\/?p=19990"},"modified":"2026-04-23T17:50:08","modified_gmt":"2026-04-23T14:50:08","slug":"kokemukseni-ohjaajan-saamisesta","status":"publish","type":"post","link":"https:\/\/verneri.net\/selko\/blogit\/kokemukseni-ohjaajan-saamisesta\/","title":{"rendered":"Kokemukseni ohjaajan saamisesta"},"content":{"rendered":"<p>Hain vuoden 2026 alussa sosiaality\u00f6ntekij\u00e4n kanssa uutta asumisen ohjaajaa. Uuden ohjaajan saaminen ei ollut helppoa.<\/p>\n<h2>Ennen ohjaajan saamista<\/h2>\n<p>Minulla on ollut asumisen ohjaaja aiemminkin. Ohjaus p\u00e4\u00e4ttyi erimielisyyksien takia.<\/p>\n<p>Jouduin odottamaan uuden ohjaajan saamista ja se tuntui vaikealta. Arjessani oli tilanteita, joissa olisin tarvinnut tukea heti.<\/p>\n<p>Ennen kuin sain uuden asumisen ohjaajan, arkeni oli aika sumuista. Usein oli sellainen olo, etten oikein tiennyt, mit\u00e4 tehd\u00e4.<\/p>\n<p>Tuli tilanteita, joissa olisi tehnyt mieli soittaa jollekin ja puhua, mutta jouduin olemaan ajatusteni kanssa yksin. Kaikkea ei halua tai tarvitse jakaa omille vanhemmille.<\/p>\n<p>Mielialani oli v\u00e4lill\u00e4 alakuloinen, itkuinen ja herkk\u00e4. Huomasin my\u00f6s, ett\u00e4 olin t\u00f6iss\u00e4 hiljaisempi kuin yleens\u00e4.<\/p>\n<h2>Ensimm\u00e4inen tapaaminen<\/h2>\n<p>Ensimm\u00e4inen tapaaminen uuden ohjaajan kanssa j\u00e4nnitti. Samalla olin tosi iloinen. Vaikka olin tavannut ohjaajan aiemmin, emme olleet kunnolla jutelleet.<\/p>\n<p>Tapaamisessa k\u00e4vimme l\u00e4pi taustojani ja tutustuimme paremmin.<\/p>\n<p>Paikalla oli my\u00f6s tuetun asumisen esimies. Se teki tilanteesta turvallisen.<\/p>\n<p>Minulle tuli olo, ett\u00e4 minua kuunneltiin ja kohdeltiin hyvin.<\/p>\n<h2>Hyv\u00e4 ohjaaja<\/h2>\n<p>Mielest\u00e4ni hyv\u00e4 ohjaaja tukee ja kannustaa, mutta osaa my\u00f6s sanoa vastaan, jos se on tarpeen. Kaikesta ei tarvitse olla samaa mielt\u00e4. Se on ihan ok.<\/p>\n<p>Minulle on t\u00e4rke\u00e4\u00e4, ett\u00e4 ohjaaja on rehellinen ja luotettava, pit\u00e4\u00e4 sovituista asioista kiinni.<\/p>\n<p>T\u00e4rke\u00e4\u00e4 on my\u00f6s se, ett\u00e4 ohjaaja on minun puolellani esimerkiksi palavereissa ja auttaa ajamaan minun asioitani. Minusta tuntui jo ensimm\u00e4isess\u00e4 tapaamisessa, ett\u00e4 n\u00e4in on.<\/p>\n<h2>Hyv\u00e4 ja toiveikas olo<\/h2>\n<p>Arki ei ole viel\u00e4 ehtinyt muuttua, koska yhteisty\u00f6mme on vasta alussa. Silti minulle j\u00e4i ensimm\u00e4isest\u00e4 tapaamisesta hyv\u00e4 ja toiveikas olo.<\/p>\n<p>Tuntuu hyv\u00e4lt\u00e4, ett\u00e4 arjessa on nyt joku ihminen tukena. Uskon, ett\u00e4 kun saamme sovittua selke\u00e4t tapaamiset ja tavoitteet, arki alkaa rullaamaan paremmin.<\/p>\n<h2>Ole rohkea<\/h2>\n<p>Haluan sanoa muille tukea tarvitseville nuorille aikuisille: ole rohkea.<\/p>\n<p>Jos sinusta tuntuu, ett\u00e4 tarvitset apua arjessa, ota asia puheeksi sosiaality\u00f6ntekij\u00e4n tai jonkun turvallisen aikuisen kanssa.<\/p>\n<p>Tuen hakemisessa ei ole mit\u00e4\u00e4n h\u00e4vett\u00e4v\u00e4\u00e4. Saat olla juuri sellainen kuin olet.<\/p>\n<p>On hienoa, jos tunnistat omat voimavarasi ja haasteesi. Se on jo iso askel eteenp\u00e4in.<\/p>\n","protected":false},"excerpt":{"rendered":"<p>Hain vuoden 2026 alussa sosiaality\u00f6ntekij\u00e4n kanssa uutta asumisen ohjaajaa. Uuden ohjaajan saaminen ei ollut helppoa. Ennen ohjaajan saamista Minulla on [&hellip;]<\/p>\n","protected":false},"author":2,"featured_media":0,"comment_status":"open","ping_status":"closed","sticky":false,"template":"","format":"standard","meta":{"_acf_changed":false,"footnotes":""},"categories":[72,3],"class_list":["post-19990","post","type-post","status-publish","format-standard","hentry","category-elina-bloggaa","category-blogit"],"acf":[],"_links":{"self":[{"href":"https:\/\/verneri.net\/selko\/wp-json\/wp\/v2\/posts\/19990","targetHints":{"allow":["GET"]}}],"collection":[{"href":"https:\/\/verneri.net\/selko\/wp-json\/wp\/v2\/posts"}],"about":[{"href":"https:\/\/verneri.net\/selko\/wp-json\/wp\/v2\/types\/post"}],"author":[{"embeddable":true,"href":"https:\/\/verneri.net\/selko\/wp-json\/wp\/v2\/users\/2"}],"replies":[{"embeddable":true,"href":"https:\/\/verneri.net\/selko\/wp-json\/wp\/v2\/comments?post=19990"}],"version-history":[{"count":0,"href":"https:\/\/verneri.net\/selko\/wp-json\/wp\/v2\/posts\/19990\/revisions"}],"wp:attachment":[{"href":"https:\/\/verneri.net\/selko\/wp-json\/wp\/v2\/media?parent=19990"}],"wp:term":[{"taxonomy":"category","embeddable":true,"href":"https:\/\/verneri.net\/selko\/wp-json\/wp\/v2\/categories?post=19990"}],"curies":[{"name":"wp","href":"https:\/\/api.w.org\/{rel}","templated":true}]}}