{"id":20011,"date":"2026-04-29T09:22:01","date_gmt":"2026-04-29T06:22:01","guid":{"rendered":"https:\/\/verneri.net\/selko\/?p=20011"},"modified":"2026-04-27T15:16:43","modified_gmt":"2026-04-27T12:16:43","slug":"pia-kehotteita-ja-ajatusketjuja","status":"publish","type":"post","link":"https:\/\/verneri.net\/selko\/blogit\/pia-kehotteita-ja-ajatusketjuja\/","title":{"rendered":"Pia: Kehotteita ja ajatusketjuja"},"content":{"rendered":"<p>Kun kysyy teko\u00e4lylt\u00e4 kysymyksi\u00e4, kannattaa k\u00e4ytt\u00e4\u00e4 kehotteita ja pyyt\u00e4\u00e4 ajatusketjuja. Kehotteet voivat olla esimerkiksi kysymyksi\u00e4 tai k\u00e4skyj\u00e4.<\/p>\n<p>Esimerkki kysymyksest\u00e4 teko\u00e4lylle: Miten voi helpottaa autistisen henkil\u00f6n kuormitusta sosiaalisessa tilanteessa kuten juhlissa?<\/p>\n<p>Esimerkki ajatusketjusta teko\u00e4lylle: Autistinen henkil\u00f6 tarvitsee tilanteiden ennakointia. Kerro, mist\u00e4 vaiheista hammasl\u00e4\u00e4k\u00e4rin k\u00e4ynti muodostuu?<\/p>\n<p>Min\u00e4 olen autistinen henkil\u00f6. Olen sit\u00e4 mielt\u00e4, ett\u00e4 t\u00e4llaisia kehotteita ja ajatusketjuja kannattaa k\u00e4ytt\u00e4\u00e4 my\u00f6s silloin, kun keskustelee autistisen henkil\u00f6n kanssa!<\/p>\n<h2>Kehotteiden k\u00e4ytt\u00e4minen<\/h2>\n<p>Kehotteet auttavat miettim\u00e4\u00e4n hyvi\u00e4 kysymyksi\u00e4, joihin autistinen henkil\u00f6 voi helpommin vastata.<\/p>\n<p>Ei n\u00e4in: Siivoa huone.<\/p>\n<p>Vaan n\u00e4in: Voitko imuroida olohuoneen lattian kello 17 ja 18 v\u00e4lill\u00e4?<\/p>\n<h2>Ajatusketjun k\u00e4ytt\u00e4minen<\/h2>\n<p>Ajatusketjut pilkkovat tavoitteen pienempiin osiin niin, ett\u00e4 tavoite on helpompi saavuttaa.<\/p>\n<p>Ei n\u00e4in: Siivoa huone.<\/p>\n<p>Vaan n\u00e4in:<\/p>\n<ol>\n<li>Ota imuri kaapista.<\/li>\n<li>Laita t\u00f6pseli pistorasiaan.<\/li>\n<li>Imuroi olohuoneen lattia.<\/li>\n<li>Putsaa imurin suutin.<\/li>\n<li>Ota t\u00f6pseli pistorasiasta.<\/li>\n<li>Laita imuri takaisin kaappiin.<\/li>\n<\/ol>\n<p>Teko\u00e4ly auttoi minua ymm\u00e4rt\u00e4m\u00e4\u00e4n, mit\u00e4 kehotteet ja ajatusketjut tarkoittavat.<\/p>\n<p>Usein kehotteita ja ajatusketjuja k\u00e4ytet\u00e4\u00e4nkin autismikuntoutuksessa. Nyt n\u00e4ille k\u00e4yt\u00e4nn\u00f6ille l\u00f6ytyi osuvat nimet!<\/p>\n<p><strong>Kirjoittaja:<\/strong> Pia<\/p>\n","protected":false},"excerpt":{"rendered":"<p>Kun kysyy teko\u00e4lylt\u00e4 kysymyksi\u00e4, kannattaa k\u00e4ytt\u00e4\u00e4 kehotteita ja pyyt\u00e4\u00e4 ajatusketjuja. Kehotteet voivat olla esimerkiksi kysymyksi\u00e4 tai k\u00e4skyj\u00e4. Esimerkki kysymyksest\u00e4 teko\u00e4lylle: [&hellip;]<\/p>\n","protected":false},"author":2,"featured_media":0,"comment_status":"open","ping_status":"closed","sticky":false,"template":"","format":"standard","meta":{"_acf_changed":false,"footnotes":""},"categories":[61,3],"class_list":["post-20011","post","type-post","status-publish","format-standard","hentry","category-blogataan-yhdessa","category-blogit"],"acf":[],"_links":{"self":[{"href":"https:\/\/verneri.net\/selko\/wp-json\/wp\/v2\/posts\/20011","targetHints":{"allow":["GET"]}}],"collection":[{"href":"https:\/\/verneri.net\/selko\/wp-json\/wp\/v2\/posts"}],"about":[{"href":"https:\/\/verneri.net\/selko\/wp-json\/wp\/v2\/types\/post"}],"author":[{"embeddable":true,"href":"https:\/\/verneri.net\/selko\/wp-json\/wp\/v2\/users\/2"}],"replies":[{"embeddable":true,"href":"https:\/\/verneri.net\/selko\/wp-json\/wp\/v2\/comments?post=20011"}],"version-history":[{"count":0,"href":"https:\/\/verneri.net\/selko\/wp-json\/wp\/v2\/posts\/20011\/revisions"}],"wp:attachment":[{"href":"https:\/\/verneri.net\/selko\/wp-json\/wp\/v2\/media?parent=20011"}],"wp:term":[{"taxonomy":"category","embeddable":true,"href":"https:\/\/verneri.net\/selko\/wp-json\/wp\/v2\/categories?post=20011"}],"curies":[{"name":"wp","href":"https:\/\/api.w.org\/{rel}","templated":true}]}}