{"id":20028,"date":"2026-04-27T12:16:38","date_gmt":"2026-04-27T09:16:38","guid":{"rendered":"https:\/\/verneri.net\/selko\/?p=20028"},"modified":"2026-04-27T12:16:38","modified_gmt":"2026-04-27T09:16:38","slug":"suunnitelmat-muuttuivat","status":"publish","type":"post","link":"https:\/\/verneri.net\/selko\/blogit\/suunnitelmat-muuttuivat\/","title":{"rendered":"Suunnitelmat muuttuivat"},"content":{"rendered":"<p>P\u00e4\u00e4timme uhohtaa Kalajoen ja suunnata PowerParkiin. Siell\u00e4kin on leirint\u00e4alue ihan huvipuiston vieress\u00e4.<\/p>\n","protected":false},"excerpt":{"rendered":"<p>P\u00e4\u00e4timme uhohtaa Kalajoen ja suunnata PowerParkiin. Siell\u00e4kin on leirint\u00e4alue ihan huvipuiston vieress\u00e4.<\/p>\n","protected":false},"author":2,"featured_media":0,"comment_status":"open","ping_status":"closed","sticky":false,"template":"","format":"standard","meta":{"_acf_changed":false,"footnotes":""},"categories":[3,65],"class_list":["post-20028","post","type-post","status-publish","format-standard","hentry","category-blogit","category-ramin-retkiblogi"],"acf":[],"_links":{"self":[{"href":"https:\/\/verneri.net\/selko\/wp-json\/wp\/v2\/posts\/20028","targetHints":{"allow":["GET"]}}],"collection":[{"href":"https:\/\/verneri.net\/selko\/wp-json\/wp\/v2\/posts"}],"about":[{"href":"https:\/\/verneri.net\/selko\/wp-json\/wp\/v2\/types\/post"}],"author":[{"embeddable":true,"href":"https:\/\/verneri.net\/selko\/wp-json\/wp\/v2\/users\/2"}],"replies":[{"embeddable":true,"href":"https:\/\/verneri.net\/selko\/wp-json\/wp\/v2\/comments?post=20028"}],"version-history":[{"count":0,"href":"https:\/\/verneri.net\/selko\/wp-json\/wp\/v2\/posts\/20028\/revisions"}],"wp:attachment":[{"href":"https:\/\/verneri.net\/selko\/wp-json\/wp\/v2\/media?parent=20028"}],"wp:term":[{"taxonomy":"category","embeddable":true,"href":"https:\/\/verneri.net\/selko\/wp-json\/wp\/v2\/categories?post=20028"}],"curies":[{"name":"wp","href":"https:\/\/api.w.org\/{rel}","templated":true}]}}