{"id":20052,"date":"2026-04-28T14:05:17","date_gmt":"2026-04-28T11:05:17","guid":{"rendered":"https:\/\/verneri.net\/selko\/?p=20052"},"modified":"2026-04-29T14:44:23","modified_gmt":"2026-04-29T11:44:23","slug":"elamaa-edunvalvonnassa","status":"publish","type":"post","link":"https:\/\/verneri.net\/selko\/blogit\/elamaa-edunvalvonnassa\/","title":{"rendered":"El\u00e4m\u00e4\u00e4 edunvalvonnassa"},"content":{"rendered":"<p>Olen ollut edunvalvonnassa vuodesta 2019.<\/p>\n<p>Ennen edunvalvontaa velkaannuin pahasti. Sen takia minulle m\u00e4\u00e4r\u00e4ttiin edunvalvoja.<\/p>\n<p>Mielest\u00e4ni edunvalvonnassa on hyvi\u00e4 ja huonoja puolia.<\/p>\n<h2>Rahasta p\u00e4\u00e4tt\u00e4minen ei ole aina helppoa<\/h2>\n<p>Aluksi edunvalvonta tuntui isolta muutokselta, mutta samaan aikaan olin helpottunut.<\/p>\n<p>Minusta tuntuu, ett\u00e4 edunvalvonta oli minulle paras p\u00e4\u00e4t\u00f6s. En olisi selvinnyt kaikesta yksin.<\/p>\n<h2>Rahat eiv\u00e4t aina riit\u00e4<\/h2>\n<p>Minusta tuntuu pahalta, ett\u00e4 en aina saa rahaa, vaikka pyyd\u00e4n. Varsinkin silloin, kun kyse on minulle t\u00e4rke\u00e4st\u00e4 asiasta.<\/p>\n<p>Joskus rahaa ei ole saatavilla, enk\u00e4 p\u00e4\u00e4se osallistumaan kaikkeen, mihin haluaisin. Se tuntuu kurjalta ja rajoittavalta. Tulee olo, ett\u00e4 j\u00e4\u00e4n ulkopuolelle.<\/p>\n<p>Toisaalta ymm\u00e4rr\u00e4n, ett\u00e4 rahaa ei voi antaa, jos sit\u00e4 ei ole.<\/p>\n<h2>Minua ei aina kuunnella<\/h2>\n<p>Minusta tuntuu, ett\u00e4 edunvalvoja ei aina kuuntele minua.<\/p>\n<p>Se on vaikeaa, koska kyse on minun el\u00e4m\u00e4st\u00e4ni. Toivoisin, ett\u00e4 mielipiteeni otettaisiin enemm\u00e4n huomioon.<\/p>\n<h2>Toivoisin enemm\u00e4n yhteydenpitoa<\/h2>\n<p>Minusta tuntuu, ett\u00e4 edunvalvojan pit\u00e4isi olla enemm\u00e4n yhteydess\u00e4 minuun.<\/p>\n<p>Haluaisin tiet\u00e4\u00e4 selke\u00e4sti:<\/p>\n<ul>\n<li>paljonko tilill\u00e4 on rahaa<\/li>\n<li>mihin rahaa menee.<\/li>\n<\/ul>\n<p>T\u00e4m\u00e4 auttaisi minua ymm\u00e4rt\u00e4m\u00e4\u00e4n omaa tilannettani paremmin.<\/p>\n<h2>Kaikki eiv\u00e4t ymm\u00e4rr\u00e4<\/h2>\n<p>Vanhempani ovat helpottuneita siit\u00e4, ett\u00e4 minulla on edunvalvoja.<\/p>\n<p>Yst\u00e4vien kanssa en ole puhunut asiasta paljon. Jotkut yst\u00e4v\u00e4t eiv\u00e4t ymm\u00e4rr\u00e4 sit\u00e4, ett\u00e4 minulla on edunvalvoja. Se tuntuu joskus yksin\u00e4iselt\u00e4.<\/p>\n<p>Jotkut yst\u00e4v\u00e4t eiv\u00e4t ymm\u00e4rr\u00e4, ett\u00e4 en aina p\u00e4\u00e4se mukaan kaikkeen kivaan, vaikka haluaisin. Se on minullekin harmillista.<\/p>\n<p>V\u00e4lill\u00e4 tuntuu pahalta joutua selitt\u00e4m\u00e4\u00e4n asiaa.<\/p>\n<h2>Turvaa arkeen<\/h2>\n<p>Edunvalvonnassa on my\u00f6s hyvi\u00e4 puolia.<\/p>\n<p>Minusta tuntuu t\u00e4rke\u00e4lt\u00e4 se, ett\u00e4 minua ei voi k\u00e4ytt\u00e4\u00e4 hyv\u00e4ksi. Se tuo turvaa arkeen.<\/p>\n<p>Tied\u00e4n, ett\u00e4 joku huolehtii raha-asioistani. En joudu vaikeisiin tilanteisiin yksin.<\/p>\n<h2>Edunvalvonta on osa el\u00e4m\u00e4\u00e4ni<\/h2>\n<p>Edunvalvonta tuo turvaa, mutta samalla se voi tuntua rajoittavalta.<\/p>\n<p>T\u00e4rkeint\u00e4 on, ett\u00e4 minua kuunnellaan ja saan olla mukana p\u00e4\u00e4tt\u00e4m\u00e4ss\u00e4 omista asioistani.<\/p>\n<p>Olen kokenut vaikeuksia. Mutta my\u00f6s sen, ett\u00e4 sain apua oikeaan aikaan. Siksi ajattelen edelleen, ett\u00e4 edunvalvonta oli minulle oikea ratkaisu.<\/p>\n","protected":false},"excerpt":{"rendered":"<p>Olen ollut edunvalvonnassa vuodesta 2019. Ennen edunvalvontaa velkaannuin pahasti. Sen takia minulle m\u00e4\u00e4r\u00e4ttiin edunvalvoja. Mielest\u00e4ni edunvalvonnassa on hyvi\u00e4 ja huonoja [&hellip;]<\/p>\n","protected":false},"author":2,"featured_media":0,"comment_status":"open","ping_status":"closed","sticky":false,"template":"","format":"standard","meta":{"_acf_changed":false,"footnotes":""},"categories":[72,3],"class_list":["post-20052","post","type-post","status-publish","format-standard","hentry","category-elina-bloggaa","category-blogit"],"acf":[],"_links":{"self":[{"href":"https:\/\/verneri.net\/selko\/wp-json\/wp\/v2\/posts\/20052","targetHints":{"allow":["GET"]}}],"collection":[{"href":"https:\/\/verneri.net\/selko\/wp-json\/wp\/v2\/posts"}],"about":[{"href":"https:\/\/verneri.net\/selko\/wp-json\/wp\/v2\/types\/post"}],"author":[{"embeddable":true,"href":"https:\/\/verneri.net\/selko\/wp-json\/wp\/v2\/users\/2"}],"replies":[{"embeddable":true,"href":"https:\/\/verneri.net\/selko\/wp-json\/wp\/v2\/comments?post=20052"}],"version-history":[{"count":0,"href":"https:\/\/verneri.net\/selko\/wp-json\/wp\/v2\/posts\/20052\/revisions"}],"wp:attachment":[{"href":"https:\/\/verneri.net\/selko\/wp-json\/wp\/v2\/media?parent=20052"}],"wp:term":[{"taxonomy":"category","embeddable":true,"href":"https:\/\/verneri.net\/selko\/wp-json\/wp\/v2\/categories?post=20052"}],"curies":[{"name":"wp","href":"https:\/\/api.w.org\/{rel}","templated":true}]}}