{"id":21384,"date":"2026-08-17T15:35:16","date_gmt":"2026-08-17T12:35:16","guid":{"rendered":"https:\/\/verneri.net\/selko\/?p=21384"},"modified":"2026-08-17T15:35:16","modified_gmt":"2026-08-17T12:35:16","slug":"ensimmainen-tyopaiva-meni-hyvin","status":"publish","type":"post","link":"https:\/\/verneri.net\/selko\/blogit\/ensimmainen-tyopaiva-meni-hyvin\/","title":{"rendered":"Ensimm\u00e4inen ty\u00f6p\u00e4iv\u00e4 meni hyvin"},"content":{"rendered":"<p>Perjantaina 14.8. oli minun ensimm\u00e4inen ty\u00f6p\u00e4iv\u00e4ni kes\u00e4loman j\u00e4lkeen. J\u00e4nnitin sit\u00e4 aika paljon.<\/p>\n<p>Olin nukkunut huonosti. Illat ovat minulle usein pahimpia, koska silloin p\u00e4\u00e4ss\u00e4 alkaa py\u00f6ri\u00e4 pelkoja. Mieli ei meinaa mill\u00e4\u00e4n rauhoittua, ja tulevaa ty\u00f6p\u00e4iv\u00e4\u00e4 tulee mietitty\u00e4 liikaa.<\/p>\n<p>Aamulla minulla oli samaan aikaan kaksi tunnetta: j\u00e4nnitys ja uteliaisuus.<\/p>\n<p>Toisaalta j\u00e4nnitti palata t\u00f6ihin. Toisaalta oli kiva n\u00e4hd\u00e4 tuttuja ihmisi\u00e4 ja kuulla, mit\u00e4 ty\u00f6paikalla oli loman aikana tapahtunut.<\/p>\n<p>Kun p\u00e4\u00e4sin ty\u00f6paikalle, siell\u00e4 oli todella hiljaista. Mietin hetken, olenko varmasti tullut oikeana p\u00e4iv\u00e4n\u00e4 t\u00f6ihin.<\/p>\n<p>Sitten tapahtui jotain, mik\u00e4 yll\u00e4tti minut iloisesti.<\/p>\n<p>Henkil\u00f6kunta otti minut todella hyvin vastaan. He olivat hyv\u00e4ll\u00e4 tuulella, tervehtiv\u00e4t ja kysyiv\u00e4t, miten kes\u00e4loma oli mennyt.<\/p>\n<p>Se tuntui oikeasti hyv\u00e4lt\u00e4.<\/p>\n<p>Oli my\u00f6s kiva n\u00e4hd\u00e4 tuttuja ihmisi\u00e4 pitk\u00e4st\u00e4 aikaa.<\/p>\n<p>Ensimm\u00e4isen\u00e4 ty\u00f6p\u00e4iv\u00e4n\u00e4 siivosin ja tein alihankintat\u00f6it\u00e4. Aluksi olin v\u00e4h\u00e4n sellaisella fiiliksell\u00e4, ett\u00e4 \u201dMiss\u00e4 olen, mist\u00e4 aloitan ja mit\u00e4 pit\u00e4\u00e4 tehd\u00e4?\u201d<\/p>\n<p>Aamulla jaksoin viel\u00e4 ihan hyvin, mutta iltap\u00e4iv\u00e4ll\u00e4 v\u00e4symys iski kunnolla. Varmaan osittain siksi, ett\u00e4 y\u00f6unet olivat j\u00e4\u00e4neet niin lyhyiksi ja uni oli ollut katkonaista.<\/p>\n<p>Kun ty\u00f6p\u00e4iv\u00e4 loppui, olin aivan valmis nukkumaan. Menin nukkumaan melkein heti t\u00f6iden j\u00e4lkeen.<\/p>\n<p>Kaiken kaikkiaan ensimm\u00e4inen ty\u00f6p\u00e4iv\u00e4 oli kuitenkin positiivinen kokemus. Vaikka etuk\u00e4teen j\u00e4nnitti ja mieless\u00e4 py\u00f6ri kaikenlaisia uhkia, kaikki meni todellisuudessa hyvin.<\/p>\n<p>Ehk\u00e4 t\u00e4st\u00e4 voi taas oppia sen, ett\u00e4 aina se pahin mielikuva ei toteudu.<\/p>\n<p>Jos joku muu j\u00e4nnitt\u00e4\u00e4 ensimm\u00e4ist\u00e4 ty\u00f6p\u00e4iv\u00e4\u00e4 loman j\u00e4lkeen, niin minun neuvoni on:<\/p>\n<p>Rohkeasti vaan! On oikeasti kiva n\u00e4hd\u00e4 taas ihmisi\u00e4.<\/p>\n<p>Ja vaikka ensimm\u00e4inen p\u00e4iv\u00e4 tuntuisi v\u00e4h\u00e4n oudolta ja v\u00e4sytt\u00e4v\u00e4lt\u00e4, kyll\u00e4 siihen ty\u00f6rytmiin taas p\u00e4\u00e4see takaisin.<\/p>\n","protected":false},"excerpt":{"rendered":"<p>Perjantaina 14.8. oli minun ensimm\u00e4inen ty\u00f6p\u00e4iv\u00e4ni kes\u00e4loman j\u00e4lkeen. J\u00e4nnitin sit\u00e4 aika paljon. Olin nukkunut huonosti. Illat ovat minulle usein pahimpia, [&hellip;]<\/p>\n","protected":false},"author":2,"featured_media":0,"comment_status":"open","ping_status":"closed","sticky":false,"template":"","format":"standard","meta":{"_acf_changed":false,"footnotes":""},"categories":[72,3],"class_list":["post-21384","post","type-post","status-publish","format-standard","hentry","category-elina-bloggaa","category-blogit"],"acf":[],"_links":{"self":[{"href":"https:\/\/verneri.net\/selko\/wp-json\/wp\/v2\/posts\/21384","targetHints":{"allow":["GET"]}}],"collection":[{"href":"https:\/\/verneri.net\/selko\/wp-json\/wp\/v2\/posts"}],"about":[{"href":"https:\/\/verneri.net\/selko\/wp-json\/wp\/v2\/types\/post"}],"author":[{"embeddable":true,"href":"https:\/\/verneri.net\/selko\/wp-json\/wp\/v2\/users\/2"}],"replies":[{"embeddable":true,"href":"https:\/\/verneri.net\/selko\/wp-json\/wp\/v2\/comments?post=21384"}],"version-history":[{"count":0,"href":"https:\/\/verneri.net\/selko\/wp-json\/wp\/v2\/posts\/21384\/revisions"}],"wp:attachment":[{"href":"https:\/\/verneri.net\/selko\/wp-json\/wp\/v2\/media?parent=21384"}],"wp:term":[{"taxonomy":"category","embeddable":true,"href":"https:\/\/verneri.net\/selko\/wp-json\/wp\/v2\/categories?post=21384"}],"curies":[{"name":"wp","href":"https:\/\/api.w.org\/{rel}","templated":true}]}}